{"id":4367,"date":"2026-08-31T12:09:25","date_gmt":"2026-08-31T16:09:25","guid":{"rendered":"https:\/\/fundesnap.org\/?p=4367"},"modified":"2026-08-31T13:37:55","modified_gmt":"2026-08-31T17:37:55","slug":"el-eslabon-perdido-de-la-amazonia","status":"publish","type":"post","link":"https:\/\/fundesnap.org\/en_us\/el-eslabon-perdido-de-la-amazonia\/","title":{"rendered":"El \u00abEslab\u00f3n Perdido\u00bb de la Amazon\u00eda"},"content":{"rendered":"<div data-elementor-type=\"wp-post\" data-elementor-id=\"4367\" class=\"elementor elementor-4367\">\n\t\t\t\t\t\t<section class=\"elementor-section elementor-top-section elementor-element elementor-element-1188109d elementor-section-height-min-height elementor-section-stretched elementor-section-boxed elementor-section-height-default elementor-section-items-middle\" data-id=\"1188109d\" data-element_type=\"section\" data-settings=\"{&quot;background_background&quot;:&quot;gradient&quot;,&quot;shape_divider_bottom&quot;:&quot;mountains&quot;,&quot;stretch_section&quot;:&quot;section-stretched&quot;}\">\n\t\t\t\t\t\t\t<div class=\"elementor-background-overlay\"><\/div>\n\t\t\t\t\t\t<div class=\"elementor-shape elementor-shape-bottom\" aria-hidden=\"true\" data-negative=\"false\">\n\t\t\t<svg xmlns=\"http:\/\/www.w3.org\/2000\/svg\" viewbox=\"0 0 1000 100\" preserveaspectratio=\"none\">\n\t<path class=\"elementor-shape-fill\" opacity=\"0.33\" d=\"M473,67.3c-203.9,88.3-263.1-34-320.3,0C66,119.1,0,59.7,0,59.7V0h1000v59.7 c0,0-62.1,26.1-94.9,29.3c-32.8,3.3-62.8-12.3-75.8-22.1C806,49.6,745.3,8.7,694.9,4.7S492.4,59,473,67.3z\"\/>\n\t<path class=\"elementor-shape-fill\" opacity=\"0.66\" d=\"M734,67.3c-45.5,0-77.2-23.2-129.1-39.1c-28.6-8.7-150.3-10.1-254,39.1 s-91.7-34.4-149.2,0C115.7,118.3,0,39.8,0,39.8V0h1000v36.5c0,0-28.2-18.5-92.1-18.5C810.2,18.1,775.7,67.3,734,67.3z\"\/>\n\t<path class=\"elementor-shape-fill\" d=\"M766.1,28.9c-200-57.5-266,65.5-395.1,19.5C242,1.8,242,5.4,184.8,20.6C128,35.8,132.3,44.9,89.9,52.5C28.6,63.7,0,0,0,0 h1000c0,0-9.9,40.9-83.6,48.1S829.6,47,766.1,28.9z\"\/>\n<\/svg>\t\t<\/div>\n\t\t\t\t\t<div class=\"elementor-container elementor-column-gap-default\">\n\t\t\t\t\t<div class=\"elementor-column elementor-col-100 elementor-top-column elementor-element elementor-element-23778c11\" data-id=\"23778c11\" data-element_type=\"column\">\n\t\t\t<div class=\"elementor-widget-wrap elementor-element-populated\">\n\t\t\t\t\t\t<div class=\"elementor-element elementor-element-fe921d7 elementor-widget__width-initial elementor-widget elementor-widget-heading\" data-id=\"fe921d7\" data-element_type=\"widget\" data-widget_type=\"heading.default\">\n\t\t\t\t<div class=\"elementor-widget-container\">\n\t\t\t\t\t<span class=\"elementor-heading-title elementor-size-default\"><br><br><br>Iniciativa Conserva Aves, consolida un legado de conservaci\u00f3n a gran escala <br>en Bolivia<\/span>\t\t\t\t<\/div>\n\t\t\t\t<\/div>\n\t\t\t\t\t<\/div>\n\t\t<\/div>\n\t\t\t\t\t<\/div>\n\t\t<\/section>\n\t\t<div class=\"elementor-element elementor-element-6513c5b e-flex e-con-boxed e-con e-parent\" data-id=\"6513c5b\" data-element_type=\"container\">\n\t\t\t\t\t<div class=\"e-con-inner\">\n\t\t\t\t<div class=\"elementor-element elementor-element-e7e5f2a elementor-widget elementor-widget-image\" data-id=\"e7e5f2a\" data-element_type=\"widget\" data-widget_type=\"image.default\">\n\t\t\t\t<div class=\"elementor-widget-container\">\n\t\t\t\t\t\t\t\t\t\t\t\t\t\t\t<img fetchpriority=\"high\" decoding=\"async\" width=\"800\" height=\"371\" src=\"https:\/\/fundesnap.org\/wp-content\/uploads\/2026\/08\/IMG_20260709_094239-1024x475.jpg\" class=\"attachment-large size-large wp-image-4369\" alt=\"\" srcset=\"https:\/\/fundesnap.org\/wp-content\/uploads\/2026\/08\/IMG_20260709_094239-1024x475.jpg 1024w, https:\/\/fundesnap.org\/wp-content\/uploads\/2026\/08\/IMG_20260709_094239-300x139.jpg 300w, https:\/\/fundesnap.org\/wp-content\/uploads\/2026\/08\/IMG_20260709_094239-768x357.jpg 768w, https:\/\/fundesnap.org\/wp-content\/uploads\/2026\/08\/IMG_20260709_094239-1536x713.jpg 1536w, https:\/\/fundesnap.org\/wp-content\/uploads\/2026\/08\/IMG_20260709_094239-2048x951.jpg 2048w, https:\/\/fundesnap.org\/wp-content\/uploads\/2026\/08\/IMG_20260709_094239-18x8.jpg 18w, https:\/\/fundesnap.org\/wp-content\/uploads\/2026\/08\/IMG_20260709_094239-500x232.jpg 500w\" sizes=\"(max-width: 800px) 100vw, 800px\" \/>\t\t\t\t\t\t\t\t\t\t\t\t\t\t\t<\/div>\n\t\t\t\t<\/div>\n\t\t\t\t\t<\/div>\n\t\t\t\t<\/div>\n\t\t<div class=\"elementor-element elementor-element-87ede5b e-flex e-con-boxed e-con e-parent\" data-id=\"87ede5b\" data-element_type=\"container\">\n\t\t\t\t\t<div class=\"e-con-inner\">\n\t\t\t\t<div class=\"elementor-element elementor-element-57f614d elementor-widget__width-initial elementor-widget elementor-widget-text-editor\" data-id=\"57f614d\" data-element_type=\"widget\" data-widget_type=\"text-editor.default\">\n\t\t\t\t<div class=\"elementor-widget-container\">\n\t\t\t\t\t\t\t\t\t<p><i>R\u00edo Itenez &#8211;<\/i> Fotograf\u00eda: Nelson Fern\u00e1ndez<\/p>\t\t\t\t\t\t\t\t<\/div>\n\t\t\t\t<\/div>\n\t\t\t\t\t<\/div>\n\t\t\t\t<\/div>\n\t\t<div class=\"elementor-element elementor-element-17b38f5 e-flex e-con-boxed e-con e-parent\" data-id=\"17b38f5\" data-element_type=\"container\">\n\t\t\t\t\t<div class=\"e-con-inner\">\n\t\t\t\t<div class=\"elementor-element elementor-element-17aff21 elementor-widget elementor-widget-text-editor\" data-id=\"17aff21\" data-element_type=\"widget\" data-widget_type=\"text-editor.default\">\n\t\t\t\t<div class=\"elementor-widget-container\">\n\t\t\t\t\t\t\t\t\t<p class=\"MsoNormal\" style=\"text-align: justify;\"><i><span lang=\"ES-BO\">Con 289.304 hect\u00e1reas reci\u00e9n protegidas por Ley Municipal en Baures, la Reserva de Vida Silvestre Municipal Agua Dulce nace como la pieza angular para asegurar la conectividad biol\u00f3gica transfronteriza y dar refugio a m\u00e1s de 355 especies de aves en el coraz\u00f3n de la cuenca del It\u00e9nez.<\/span><\/i><\/p>\n<p class=\"MsoNormal\"><b><span lang=\"ES-BO\">Por Nelson Fern\u00e1ndez FUNDESNAP <\/span><\/b><\/p>\n<p class=\"MsoNormal\" style=\"text-align: justify;\"><span lang=\"ES-BO\">En las latitudes donde la imponente Amazon\u00eda h\u00fameda susurra secretos a las pampas infinitas del Beni y abraza la intrincada riqueza vegetal del Complejo Chiquitano-Cerrado, se acaba de escribir una de las p\u00e1ginas m\u00e1s esperanzadoras para la conservaci\u00f3n ambiental de Am\u00e9rica del Sur.<\/span><\/p>\n<p class=\"MsoNormal\" style=\"text-align: justify;\"><span lang=\"ES-BO\">El Gobierno Aut\u00f3nomo Municipal de Baures, mediante la hist\u00f3rica Ley Municipal N\u00b0 003\/2026 del 19 de agosto de 2026, ha promulgado oficialmente la creaci\u00f3n de la Reserva de Vida Silvestre Municipal \u00abAgua Dulce\u00bb. Se trata de una gigantesca \u00e1rea protegida subnacional de 289.304 hect\u00e1reas que no solo resguarda ecosistemas pr\u00edstinos, sino que funciona como el blindaje territorial definitivo para una de las redes de reservas de biodiversidad m\u00e1s emblem\u00e1ticas del planeta.<\/span><\/p>\n<p class=\"MsoNormal\" style=\"text-align: justify;\"><span lang=\"ES-BO\">Esta nueva \u00e1rea protegida subnacional abarca 289.304 hect\u00e1reas de bosques amaz\u00f3nicos, sabanas inundables, pampas y ecosistemas asociados a los r\u00edos, constituy\u00e9ndose en un importante refugio para la biodiversidad de la regi\u00f3n.<\/span><\/p>\n<p>\u00a0<\/p>\n<p class=\"MsoNormal\" style=\"text-align: justify;\"><span lang=\"ES-BO\">Entre sus mayores valores naturales destaca su extraordinaria riqueza de avifauna, con 355 especies de aves registradas hasta la fecha. Esta diversidad convierte al \u00e1rea en un sitio estrat\u00e9gico para la conservaci\u00f3n de la biodiversidad y en un destino de gran relevancia para la investigaci\u00f3n cient\u00edfica y la observaci\u00f3n de aves.<\/span><\/p>\t\t\t\t\t\t\t\t<\/div>\n\t\t\t\t<\/div>\n\t\t\t\t\t<\/div>\n\t\t\t\t<\/div>\n\t\t<div class=\"elementor-element elementor-element-53e7ee2 e-flex e-con-boxed e-con e-parent\" data-id=\"53e7ee2\" data-element_type=\"container\">\n\t\t\t\t\t<div class=\"e-con-inner\">\n\t\t\t\t<div class=\"elementor-element elementor-element-91d3898 elementor-widget__width-initial elementor-widget elementor-widget-image\" data-id=\"91d3898\" data-element_type=\"widget\" data-widget_type=\"image.default\">\n\t\t\t\t<div class=\"elementor-widget-container\">\n\t\t\t\t\t\t\t\t\t\t\t\t\t\t\t<img decoding=\"async\" width=\"692\" height=\"1024\" src=\"https:\/\/fundesnap.org\/wp-content\/uploads\/2026\/08\/DSC00204-692x1024.jpg\" class=\"attachment-large size-large wp-image-4370\" alt=\"\" srcset=\"https:\/\/fundesnap.org\/wp-content\/uploads\/2026\/08\/DSC00204-692x1024.jpg 692w, https:\/\/fundesnap.org\/wp-content\/uploads\/2026\/08\/DSC00204-203x300.jpg 203w, https:\/\/fundesnap.org\/wp-content\/uploads\/2026\/08\/DSC00204-768x1137.jpg 768w, https:\/\/fundesnap.org\/wp-content\/uploads\/2026\/08\/DSC00204-1038x1536.jpg 1038w, https:\/\/fundesnap.org\/wp-content\/uploads\/2026\/08\/DSC00204-1384x2048.jpg 1384w, https:\/\/fundesnap.org\/wp-content\/uploads\/2026\/08\/DSC00204-8x12.jpg 8w, https:\/\/fundesnap.org\/wp-content\/uploads\/2026\/08\/DSC00204-500x740.jpg 500w, https:\/\/fundesnap.org\/wp-content\/uploads\/2026\/08\/DSC00204-scaled.jpg 1730w\" sizes=\"(max-width: 692px) 100vw, 692px\" \/>\t\t\t\t\t\t\t\t\t\t\t\t\t\t\t<\/div>\n\t\t\t\t<\/div>\n\t\t\t\t\t<\/div>\n\t\t\t\t<\/div>\n\t\t<div class=\"elementor-element elementor-element-eb257c2 e-flex e-con-boxed e-con e-parent\" data-id=\"eb257c2\" data-element_type=\"container\">\n\t\t\t\t\t<div class=\"e-con-inner\">\n\t\t\t\t<div class=\"elementor-element elementor-element-da68e51 elementor-widget elementor-widget-text-editor\" data-id=\"da68e51\" data-element_type=\"widget\" data-widget_type=\"text-editor.default\">\n\t\t\t\t<div class=\"elementor-widget-container\">\n\t\t\t\t\t\t\t\t\t<p>Garza sobre el r\u00edo It\u00e9nez &#8211; Fotograf\u00eda: Nelson Fern\u00e1ndez\u00a0<\/p>\t\t\t\t\t\t\t\t<\/div>\n\t\t\t\t<\/div>\n\t\t\t\t\t<\/div>\n\t\t\t\t<\/div>\n\t\t<div class=\"elementor-element elementor-element-042c34a e-flex e-con-boxed e-con e-parent\" data-id=\"042c34a\" data-element_type=\"container\">\n\t\t\t\t\t<div class=\"e-con-inner\">\n\t\t\t\t<div class=\"elementor-element elementor-element-b3c4be2 elementor-widget elementor-widget-text-editor\" data-id=\"b3c4be2\" data-element_type=\"widget\" data-widget_type=\"text-editor.default\">\n\t\t\t\t<div class=\"elementor-widget-container\">\n\t\t\t\t\t\t\t\t\t<p style=\"text-align: justify;\"><b><span lang=\"ES-BO\">EL IMPULSO DE CONSERVA AVES: DE LA VISI\u00d3N A LA DECLARATORIA<\/span><\/b><\/p>\n<p><span lang=\"ES-BO\">La creaci\u00f3n\nde la Reserva de Vida Silvestre Municipal Agua Dulce tambi\u00e9n representa uno de\nlos resultados m\u00e1s significativos de Conserva Aves, una iniciativa liderada por\nAmerican Bird Conservancy, Audubon, BirdLife International, Birds Canada y\nRedLAC, que impulsa la creaci\u00f3n y gesti\u00f3n sostenible de m\u00e1s de 100 nuevas \u00e1reas\nde conservaci\u00f3n en Am\u00e9rica Latina y el Caribe. En Bolivia, los socios l\u00edderes\nde la Iniciativa son Fundesnap y la Asociaci\u00f3n Armon\u00eda, con el apoyo\nestrat\u00e9gico de Bezos Earth Fund.<br>\n&nbsp;<br>Al garantizar la conectividad longitudinal y lateral del majestuoso r\u00edo It\u00e9nez\n(Guapor\u00e9) dentro del Corredor Ecol\u00f3gico It\u00e9nez, esta nueva reserva municipal\nconecta f\u00edsicamente un mosaico ininterrumpido de santuarios en Bolivia y\nBrasil.<\/span><o:p><\/o:p><\/p><p style=\"text-align:justify\"><span lang=\"ES-BO\">Este verdadero \u00abblindaje de vida\u00bb garantiza que los jaguares,\ndelfines de r\u00edo, tapires y aves migratorias puedan desplazarse libremente a lo\nlargo de cientos de kil\u00f3metros de selvas y humedales sin tropezar con barreras\nhumanas o actividades extractivas destructivas.<o:p><\/o:p><\/span><\/p><p style=\"text-align: justify;\">\n\n\n\n<i><span lang=\"ES-BO\" style=\"font-size:12.0pt;line-height:115%;font-family:&quot;Calibri&quot;,sans-serif;mso-fareast-font-family:Calibri;mso-bidi-font-family:Arial;mso-ansi-language:ES-BO;mso-fareast-language:EN-US;mso-bidi-language:AR-SA\">\u00abAgua Dulce no\nes solo una l\u00ednea sobre un mapa; es la arteria viva que asegura que el flujo de\nagua, genes y vida contin\u00fae latiendo libremente entre la Amazon\u00eda boliviana y\nla selva brasile\u00f1a.\u00bb<\/span><\/i><\/p>\n<p><b><span lang=\"ES-BO\">PARA\u00cdSO DE LAS AVES: 355 ESPECIES Y EL MISTERIO DE LA GARZA PECHO CASTA\u00d1O<\/span><\/b><\/p>\n<p style=\"text-align: justify;\"><span lang=\"ES-BO\">Para la ornitolog\u00eda mundial, la creaci\u00f3n de Agua Dulce es motivo de regocijo. Registros y estudios preliminares cifran en 355 especies de aves el tesoro alado que habita sus curichales, pampas y bosques de galer\u00eda. Actualmente, se encuentra en marcha la elaboraci\u00f3n de la l\u00ednea base consolidada, la lista oficial de especies y el protocolo de monitoreo alado, herramientas que permitir\u00e1n un seguimiento cient\u00edfico sin precedentes en la regi\u00f3n.<\/span><\/p>\n<p><b><span lang=\"ES-BO\">La Reina de los Humedales: Garza Pecho Casta\u00f1o (<i>Agamia agami<\/i>)<\/span><\/b><\/p>\n<p style=\"text-align: justify;\"><span lang=\"ES-BO\">Entre la densa vegetaci\u00f3n de los humedales sombreados habita la joya de la corona: la Garza Pecho Casta\u00f1o. Una especie esquiva, hipnotizante con sus matices verde esmeralda, azul met\u00e1lico y casta\u00f1o profundo. Agua Dulce preserva los ecosistemas acu\u00e1ticos serenos e inundables que esta ave emblem\u00e1tica necesita para anidar y alimentarse, convirtiendo al \u00e1rea protegida en un basti\u00f3n hemisf\u00e9rico indispensable para su supervivencia.<\/span><\/p>\n<p><b><span lang=\"ES-BO\">GUARDIANES DE LOS HUMEDALES: TRADICI\u00d3N COMUNITARIA QUE CONSERVA<\/span><\/b><\/p>\n<p style=\"text-align: justify;\"><span lang=\"ES-BO\">A diferencia de los modelos antiguos de conservaci\u00f3n de \u00abcaja de cristal\u00bb, Agua Dulce nace con un sello participativo e incluyente. El proceso contempl\u00f3 la Consulta Previa, Libre e Informada a comunidades campesinas e ind\u00edgenas como Remanso, asegurando sus derechos territoriales, culturales y de aprovechamiento sostenible.<\/span><\/p>\n<p style=\"text-align: justify;\"><span lang=\"ES-BO\">El modelo de gobernanza se estructura mediante un Comit\u00e9 de Gesti\u00f3n Compartida, donde tres representantes de las comunidades locales y un representante del Gobierno Municipal de Baures lideran de forma conjunta las decisiones de manejo. Se fortalece as\u00ed la figura ancestral de las comunidades como las aut\u00e9nticas \u00abguardianas de los humedales\u00bb, demostrando que la tradici\u00f3n ganadera tradicional de baja intensidad, la recolecci\u00f3n sostenible de frutos silvestres y la conservaci\u00f3n ambiental no solo pueden convivir, sino potenciarse mutuamente.<\/span><\/p>\t\t\t\t\t\t\t\t<\/div>\n\t\t\t\t<\/div>\n\t\t\t\t\t<\/div>\n\t\t\t\t<\/div>\n\t\t<div class=\"elementor-element elementor-element-c133b81 e-flex e-con-boxed e-con e-parent\" data-id=\"c133b81\" data-element_type=\"container\">\n\t\t\t\t\t<div class=\"e-con-inner\">\n\t\t\t\t<div class=\"elementor-element elementor-element-69a0018 elementor-widget elementor-widget-image\" data-id=\"69a0018\" data-element_type=\"widget\" data-widget_type=\"image.default\">\n\t\t\t\t<div class=\"elementor-widget-container\">\n\t\t\t\t\t\t\t\t\t\t\t\t\t\t\t<img decoding=\"async\" width=\"800\" height=\"420\" src=\"https:\/\/fundesnap.org\/wp-content\/uploads\/2026\/08\/DSC00133-1024x537.jpg\" class=\"attachment-large size-large wp-image-4371\" alt=\"\" srcset=\"https:\/\/fundesnap.org\/wp-content\/uploads\/2026\/08\/DSC00133-1024x537.jpg 1024w, https:\/\/fundesnap.org\/wp-content\/uploads\/2026\/08\/DSC00133-300x157.jpg 300w, https:\/\/fundesnap.org\/wp-content\/uploads\/2026\/08\/DSC00133-768x403.jpg 768w, https:\/\/fundesnap.org\/wp-content\/uploads\/2026\/08\/DSC00133-1536x806.jpg 1536w, https:\/\/fundesnap.org\/wp-content\/uploads\/2026\/08\/DSC00133-2048x1075.jpg 2048w, https:\/\/fundesnap.org\/wp-content\/uploads\/2026\/08\/DSC00133-18x9.jpg 18w, https:\/\/fundesnap.org\/wp-content\/uploads\/2026\/08\/DSC00133-500x262.jpg 500w\" sizes=\"(max-width: 800px) 100vw, 800px\" \/>\t\t\t\t\t\t\t\t\t\t\t\t\t\t\t<\/div>\n\t\t\t\t<\/div>\n\t\t\t\t\t<\/div>\n\t\t\t\t<\/div>\n\t\t<div class=\"elementor-element elementor-element-2f52b27 e-flex e-con-boxed e-con e-parent\" data-id=\"2f52b27\" data-element_type=\"container\">\n\t\t\t\t\t<div class=\"e-con-inner\">\n\t\t\t\t<div class=\"elementor-element elementor-element-4050ed1 elementor-widget elementor-widget-text-editor\" data-id=\"4050ed1\" data-element_type=\"widget\" data-widget_type=\"text-editor.default\">\n\t\t\t\t<div class=\"elementor-widget-container\">\n\t\t\t\t\t\t\t\t\t<p>Espaldas rosadas &#8211; Fotograf\u00eda: Nelson Fern\u00e1ndez\u00a0<\/p>\t\t\t\t\t\t\t\t<\/div>\n\t\t\t\t<\/div>\n\t\t\t\t\t<\/div>\n\t\t\t\t<\/div>\n\t\t<div class=\"elementor-element elementor-element-d970d77 e-flex e-con-boxed e-con e-parent\" data-id=\"d970d77\" data-element_type=\"container\">\n\t\t\t\t\t<div class=\"e-con-inner\">\n\t\t\t\t<div class=\"elementor-element elementor-element-9f783ab elementor-widget elementor-widget-text-editor\" data-id=\"9f783ab\" data-element_type=\"widget\" data-widget_type=\"text-editor.default\">\n\t\t\t\t<div class=\"elementor-widget-container\">\n\t\t\t\t\t\t\t\t\t<p class=\"MsoNormal\"><b><span lang=\"ES-BO\">UN MURO\nFRENTE A LOS INCENDIOS Y LA MINER\u00cdA<\/span><\/b><span lang=\"ES-BO\"><o:p><\/o:p><\/span><\/p><p class=\"MsoNormal\" style=\"text-align:justify\"><span lang=\"ES-BO\">La creaci\u00f3n de esta \u00e1rea protegida responde\ntambi\u00e9n a un grito de urgencia. Como se\u00f1ala la exposici\u00f3n de motivos de la Ley\nMunicipal, la regi\u00f3n ha enfrentado crecientes amenazas por incendios\nforestales, contaminaci\u00f3n del agua derivada de la miner\u00eda y desmontes no\nregulados. Con la zonificaci\u00f3n que establece una estricta Zona de Conservaci\u00f3n\nal centro y norte, y \u00e1reas de desarrollo sostenible al sureste, Agua Dulce\nestablece reglas claras de fiscalizaci\u00f3n y patrullaje oficial.<o:p><\/o:p><\/span><\/p><p class=\"MsoNormal\"><b><span lang=\"ES-BO\">UN\nFUTURO RESPLANDECIENTE PARA BAURES<o:p><\/o:p><\/span><\/b><\/p><p class=\"MsoNormal\" style=\"text-align:justify\"><span lang=\"ES-BO\">Con la firma del Alcalde Uvence Karageorge\nGuzm\u00e1n y la ratificaci\u00f3n del Concejo Municipal, Baures se posiciona a la\nvanguardia de la gesti\u00f3n territorial auton\u00f3mica en Bolivia. La Reserva de Vida\nSilvestre Municipal Agua Dulce es la prueba fehaciente de que desde los\ngobiernos locales y con la fuerza de la gente de la selva, es posible frenar la\ndegradaci\u00f3n y regalarle un respiro de vida al planeta.<o:p><\/o:p><\/span><\/p><p>\n\n\n\n\n\n\n\n<\/p><p class=\"MsoNormal\"><span lang=\"ES-BO\">&nbsp;<\/span><\/p>\t\t\t\t\t\t\t\t<\/div>\n\t\t\t\t<\/div>\n\t\t\t\t\t<\/div>\n\t\t\t\t<\/div>\n\t\t\t\t<\/div>","protected":false},"excerpt":{"rendered":"<p>Conserva Aves<\/p>","protected":false},"author":3,"featured_media":4371,"comment_status":"closed","ping_status":"closed","sticky":false,"template":"","format":"standard","meta":{"inline_featured_image":false,"footnotes":""},"categories":[20],"tags":[],"class_list":["post-4367","post","type-post","status-publish","format-standard","has-post-thumbnail","hentry","category-noticias"],"_links":{"self":[{"href":"https:\/\/fundesnap.org\/en_us\/wp-json\/wp\/v2\/posts\/4367","targetHints":{"allow":["GET"]}}],"collection":[{"href":"https:\/\/fundesnap.org\/en_us\/wp-json\/wp\/v2\/posts"}],"about":[{"href":"https:\/\/fundesnap.org\/en_us\/wp-json\/wp\/v2\/types\/post"}],"author":[{"embeddable":true,"href":"https:\/\/fundesnap.org\/en_us\/wp-json\/wp\/v2\/users\/3"}],"replies":[{"embeddable":true,"href":"https:\/\/fundesnap.org\/en_us\/wp-json\/wp\/v2\/comments?post=4367"}],"version-history":[{"count":6,"href":"https:\/\/fundesnap.org\/en_us\/wp-json\/wp\/v2\/posts\/4367\/revisions"}],"predecessor-version":[{"id":4377,"href":"https:\/\/fundesnap.org\/en_us\/wp-json\/wp\/v2\/posts\/4367\/revisions\/4377"}],"wp:featuredmedia":[{"embeddable":true,"href":"https:\/\/fundesnap.org\/en_us\/wp-json\/wp\/v2\/media\/4371"}],"wp:attachment":[{"href":"https:\/\/fundesnap.org\/en_us\/wp-json\/wp\/v2\/media?parent=4367"}],"wp:term":[{"taxonomy":"category","embeddable":true,"href":"https:\/\/fundesnap.org\/en_us\/wp-json\/wp\/v2\/categories?post=4367"},{"taxonomy":"post_tag","embeddable":true,"href":"https:\/\/fundesnap.org\/en_us\/wp-json\/wp\/v2\/tags?post=4367"}],"curies":[{"name":"wp","href":"https:\/\/api.w.org\/{rel}","templated":true}]}}